{"id":178,"date":"2022-07-20T10:16:14","date_gmt":"2022-07-20T13:16:14","guid":{"rendered":"https:\/\/www.ciudadesintermedias.org\/areas-de-acao-de-agenda-urbana\/"},"modified":"2023-10-17T17:49:39","modified_gmt":"2023-10-17T20:49:39","slug":"areas-de-acao-de-agenda-urbana","status":"publish","type":"post","link":"https:\/\/www.ciudadesintermedias.org\/pt-br\/areas-de-acao-de-agenda-urbana\/","title":{"rendered":"\u00c1reas de a\u00e7\u00e3o de agenda urbana"},"content":{"rendered":"\n<div style=\"height:2em\" aria-hidden=\"true\" class=\"wp-block-spacer\"><\/div>\n\n\n\n<div class=\"wp-block-columns is-layout-flex wp-container-core-columns-is-layout-28f84493 wp-block-columns-is-layout-flex\">\n<div class=\"wp-block-column is-layout-flow wp-block-column-is-layout-flow\" style=\"flex-basis:33.33%\">\n<figure class=\"wp-block-image size-full\"><img loading=\"lazy\" decoding=\"async\" width=\"388\" height=\"506\" src=\"https:\/\/www.ciudadesintermedias.org\/wp-content\/uploads\/2022\/07\/banner01.jpg\" alt=\"\" class=\"wp-image-57\" srcset=\"https:\/\/www.ciudadesintermedias.org\/wp-content\/uploads\/2022\/07\/banner01.jpg 388w, https:\/\/www.ciudadesintermedias.org\/wp-content\/uploads\/2022\/07\/banner01-230x300.jpg 230w\" sizes=\"auto, (max-width: 388px) 100vw, 388px\" \/><\/figure>\n<\/div>\n\n\n\n<div class=\"wp-block-column is-layout-flow wp-block-column-is-layout-flow\" style=\"flex-basis:66.66%\">\n<ul class=\"wp-block-list\">\n<li>Planejamento de sistemas alimentares integrados e mecanismos de governan\u00e7a alimentar inclusivos para apoiar a urbaniza\u00e7\u00e3o e o desenvolvimento territorial sustent\u00e1veis.<\/li>\n\n\n\n<li>Circuitos curtos de abastecimento e compras p\u00fablicas de alimentos inclusivas para aproveitar o potencial da produ\u00e7\u00e3o em cidades e regi\u00f5es vizinhas.<\/li>\n\n\n\n<li>Empresas agroalimentares inovadoras e sustent\u00e1veis para a gera\u00e7\u00e3o de empregos e o desenvolvimento de territ\u00f3rios funcionais e pr\u00f3speros em cidades pequenas.<\/li>\n\n\n\n<li>Melhorar o acesso a alimentos e a ambientes verdes para alcan\u00e7ar cidades saud\u00e1veis<\/li>\n\n\n\n<li>Otimiza\u00e7\u00e3o das cadeias de abastecimento e da bioeconomia circular para reduzir o desperd\u00edcio, as perdas e os res\u00edduos de alimentos em zonas urbanas.<\/li>\n\n\n\n<li>Iniciativas de divulga\u00e7\u00e3o baseadas em evid\u00eancias para melhorar a governan\u00e7a alimentar urbana global e impulsionar o investimento - produtos de conhecimento e governan\u00e7a global.<\/li>\n<\/ul>\n<\/div>\n<\/div>\n","protected":false},"excerpt":{"rendered":"","protected":false},"author":1,"featured_media":100,"comment_status":"closed","ping_status":"open","sticky":false,"template":"","format":"standard","meta":{"_uag_custom_page_level_css":"","footnotes":""},"categories":[13],"tags":[],"class_list":["post-178","post","type-post","status-publish","format-standard","has-post-thumbnail","hentry","category-info-pt-br"],"uagb_featured_image_src":{"full":["https:\/\/www.ciudadesintermedias.org\/wp-content\/uploads\/2022\/07\/banner01.jpg",388,506,false],"thumbnail":["https:\/\/www.ciudadesintermedias.org\/wp-content\/uploads\/2022\/07\/banner01-150x150.jpg",150,150,true],"medium":["https:\/\/www.ciudadesintermedias.org\/wp-content\/uploads\/2022\/07\/banner01-230x300.jpg",230,300,true],"medium_large":["https:\/\/www.ciudadesintermedias.org\/wp-content\/uploads\/2022\/07\/banner01.jpg",388,506,false],"large":["https:\/\/www.ciudadesintermedias.org\/wp-content\/uploads\/2022\/07\/banner01.jpg",388,506,false],"1536x1536":["https:\/\/www.ciudadesintermedias.org\/wp-content\/uploads\/2022\/07\/banner01.jpg",388,506,false],"2048x2048":["https:\/\/www.ciudadesintermedias.org\/wp-content\/uploads\/2022\/07\/banner01.jpg",388,506,false]},"uagb_author_info":{"display_name":"pablo","author_link":"https:\/\/www.ciudadesintermedias.org\/pt-br\/author\/pablo\/"},"uagb_comment_info":0,"uagb_excerpt":null,"_links":{"self":[{"href":"https:\/\/www.ciudadesintermedias.org\/pt-br\/wp-json\/wp\/v2\/posts\/178","targetHints":{"allow":["GET"]}}],"collection":[{"href":"https:\/\/www.ciudadesintermedias.org\/pt-br\/wp-json\/wp\/v2\/posts"}],"about":[{"href":"https:\/\/www.ciudadesintermedias.org\/pt-br\/wp-json\/wp\/v2\/types\/post"}],"author":[{"embeddable":true,"href":"https:\/\/www.ciudadesintermedias.org\/pt-br\/wp-json\/wp\/v2\/users\/1"}],"replies":[{"embeddable":true,"href":"https:\/\/www.ciudadesintermedias.org\/pt-br\/wp-json\/wp\/v2\/comments?post=178"}],"version-history":[{"count":7,"href":"https:\/\/www.ciudadesintermedias.org\/pt-br\/wp-json\/wp\/v2\/posts\/178\/revisions"}],"predecessor-version":[{"id":294,"href":"https:\/\/www.ciudadesintermedias.org\/pt-br\/wp-json\/wp\/v2\/posts\/178\/revisions\/294"}],"wp:featuredmedia":[{"embeddable":true,"href":"https:\/\/www.ciudadesintermedias.org\/pt-br\/wp-json\/wp\/v2\/media\/100"}],"wp:attachment":[{"href":"https:\/\/www.ciudadesintermedias.org\/pt-br\/wp-json\/wp\/v2\/media?parent=178"}],"wp:term":[{"taxonomy":"category","embeddable":true,"href":"https:\/\/www.ciudadesintermedias.org\/pt-br\/wp-json\/wp\/v2\/categories?post=178"},{"taxonomy":"post_tag","embeddable":true,"href":"https:\/\/www.ciudadesintermedias.org\/pt-br\/wp-json\/wp\/v2\/tags?post=178"}],"curies":[{"name":"wp","href":"https:\/\/api.w.org\/{rel}","templated":true}]}}